{"id":989652,"date":"2024-03-21T15:50:23","date_gmt":"2024-03-21T15:50:23","guid":{"rendered":"https:\/\/icreate.silviapinto.com\/?p=989652"},"modified":"2024-03-25T11:10:33","modified_gmt":"2024-03-25T11:10:33","slug":"centro-de-competencias-para-o-envelhecimento-ativo-foi-inaugurado-em-vila-nova-de-poiares","status":"publish","type":"post","link":"https:\/\/icreatepoiares.pt\/index.php\/2024\/03\/21\/centro-de-competencias-para-o-envelhecimento-ativo-foi-inaugurado-em-vila-nova-de-poiares\/","title":{"rendered":"Centro de Compet\u00eancias para o Envelhecimento Ativo foi inaugurado em Vila Nova de Poiares"},"content":{"rendered":"\t\t<div data-elementor-type=\"wp-post\" data-elementor-id=\"989652\" class=\"elementor elementor-989652\" data-elementor-post-type=\"post\">\n\t\t\t\t\t\t<section class=\"elementor-section elementor-top-section elementor-element elementor-element-c3d25b2 elementor-section-boxed elementor-section-height-default elementor-section-height-default\" data-id=\"c3d25b2\" data-element_type=\"section\">\n\t\t\t\t\t\t<div class=\"elementor-container elementor-column-gap-default\">\n\t\t\t\t\t<div class=\"elementor-column elementor-col-100 elementor-top-column elementor-element elementor-element-0e7272e\" data-id=\"0e7272e\" data-element_type=\"column\">\n\t\t\t<div class=\"elementor-widget-wrap elementor-element-populated\">\n\t\t\t\t\t\t<div class=\"elementor-element elementor-element-d28c574 elementor-widget elementor-widget-heading\" data-id=\"d28c574\" data-element_type=\"widget\" data-widget_type=\"heading.default\">\n\t\t\t\t<div class=\"elementor-widget-container\">\n\t\t\t\t\t<h3 class=\"elementor-heading-title elementor-size-default\">Centro de Compet\u00eancias para o Envelhecimento Ativo, Polo Coimbra, foi inaugurado no dia 21 de mar\u00e7o, em Vila Nova de Poiares.<\/h3>\t\t\t\t<\/div>\n\t\t\t\t<\/div>\n\t\t\t\t<div class=\"elementor-element elementor-element-730bc5b elementor-widget elementor-widget-text-editor\" data-id=\"730bc5b\" data-element_type=\"widget\" data-widget_type=\"text-editor.default\">\n\t\t\t\t<div class=\"elementor-widget-container\">\n\t\t\t\t\t\t\t\t\t<p>O Centro resulta de um protocolo assinado entre o representante nacional dos Centros de Compet\u00eancias, Nuno Marques, e o Munic\u00edpio de Vila Nova de Poiares, Presidente Jo\u00e3o Miguel Henriques. A inaugura\u00e7\u00e3o do Polo Coimbra em Poiares ocorreu com a presen\u00e7a de outras individualidades do distrito, i.e., representantes da CCRCC, IEFP, SEG. Social, CIM, ERPIs, IPSS\u2019s, Munic\u00edpios, Juntas de freguesia, entre outros.<\/p><p>Um organismo que no entender do coordenador nacional do Plano de Envelhecimento Ativo e Saud\u00e1vel corresponde ao objetivo de base da estrat\u00e9gia constru\u00edda para o pa\u00eds, estar ao servi\u00e7o das pessoas e comunidades mais vulner\u00e1veis ao envelhecimento, bem como dos seus cuidadores, e contornar a habitual centraliza\u00e7\u00e3o das entidades nas capitais de distrito.<\/p>\t\t\t\t\t\t\t\t<\/div>\n\t\t\t\t<\/div>\n\t\t\t\t\t<\/div>\n\t\t<\/div>\n\t\t\t\t\t<\/div>\n\t\t<\/section>\n\t\t\t\t<section class=\"elementor-section elementor-top-section elementor-element elementor-element-1531e37 elementor-section-boxed elementor-section-height-default elementor-section-height-default\" data-id=\"1531e37\" data-element_type=\"section\">\n\t\t\t\t\t\t<div class=\"elementor-container elementor-column-gap-default\">\n\t\t\t\t\t<div class=\"elementor-column elementor-col-100 elementor-top-column elementor-element elementor-element-2868748\" data-id=\"2868748\" data-element_type=\"column\">\n\t\t\t<div class=\"elementor-widget-wrap elementor-element-populated\">\n\t\t\t\t\t\t<div class=\"elementor-element elementor-element-16fcae5 elementor-blockquote--skin-quotation elementor-blockquote--button-color-custom elementor-widget elementor-widget-blockquote\" data-id=\"16fcae5\" data-element_type=\"widget\" data-widget_type=\"blockquote.default\">\n\t\t\t\t<div class=\"elementor-widget-container\">\n\t\t\t\t\t\t\t<blockquote class=\"elementor-blockquote\">\n\t\t\t<p class=\"elementor-blockquote__content\">\n\t\t\t\tEste centro contribui para a sedimenta\u00e7\u00e3o da estrat\u00e9gia do concelho no \u00e2mbito do Envelhecimento Ativo e Saud\u00e1vel.\t\t\t<\/p>\n\t\t\t\t\t\t\t<div class=\"e-q-footer\">\n\t\t\t\t\t\t\t\t\t\t\t<cite class=\"elementor-blockquote__author\">Jo\u00e3o Miguel Henriques<\/cite>\n\t\t\t\t\t\t\t\t\t\t\t\t\t\t<\/div>\n\t\t\t\t\t<\/blockquote>\n\t\t\t\t\t\t<\/div>\n\t\t\t\t<\/div>\n\t\t\t\t\t<\/div>\n\t\t<\/div>\n\t\t\t\t\t<\/div>\n\t\t<\/section>\n\t\t\t\t<section class=\"elementor-section elementor-top-section elementor-element elementor-element-58cf478 elementor-section-boxed elementor-section-height-default elementor-section-height-default\" data-id=\"58cf478\" data-element_type=\"section\">\n\t\t\t\t\t\t<div class=\"elementor-container elementor-column-gap-default\">\n\t\t\t\t\t<div class=\"elementor-column elementor-col-100 elementor-top-column elementor-element elementor-element-af37ce3\" data-id=\"af37ce3\" data-element_type=\"column\">\n\t\t\t<div class=\"elementor-widget-wrap elementor-element-populated\">\n\t\t\t\t\t\t<div class=\"elementor-element elementor-element-0de6ba3 elementor-widget elementor-widget-text-editor\" data-id=\"0de6ba3\" data-element_type=\"widget\" data-widget_type=\"text-editor.default\">\n\t\t\t\t<div class=\"elementor-widget-container\">\n\t\t\t\t\t\t\t\t\t<p>Para o Presidente da C\u00e2mara de Poiares este centro contribui para a sedimenta\u00e7\u00e3o da estrat\u00e9gia do concelho no \u00e2mbito do Envelhecimento Ativo e Saud\u00e1vel.<\/p><p>Poiares est\u00e1 de parab\u00e9ns por o Centro de Compet\u00eancias para o Envelhecimento Ativo Polo Coimbra ter sido instalado no concelho. O polo funcionar\u00e1 no 1.\u00ba andar do edif\u00edcio cont\u00edguo \u00e0 C\u00e2mara Municipal e conta com duas funcion\u00e1rias a tempo inteiro, contratadas via concurso nacional.<\/p>\t\t\t\t\t\t\t\t<\/div>\n\t\t\t\t<\/div>\n\t\t\t\t\t<\/div>\n\t\t<\/div>\n\t\t\t\t\t<\/div>\n\t\t<\/section>\n\t\t\t\t<section class=\"elementor-section elementor-top-section elementor-element elementor-element-13b3464 elementor-section-full_width elementor-section-height-default elementor-section-height-default\" data-id=\"13b3464\" data-element_type=\"section\">\n\t\t\t\t\t\t<div class=\"elementor-container elementor-column-gap-default\">\n\t\t\t\t\t<div class=\"elementor-column elementor-col-100 elementor-top-column elementor-element elementor-element-cf21256\" data-id=\"cf21256\" data-element_type=\"column\" data-settings=\"{&quot;background_background&quot;:&quot;classic&quot;}\">\n\t\t\t<div class=\"elementor-widget-wrap elementor-element-populated\">\n\t\t\t\t\t\t<div class=\"elementor-element elementor-element-555ebe1 elementor-widget__width-initial elementor-widget elementor-widget-image\" data-id=\"555ebe1\" data-element_type=\"widget\" data-widget_type=\"image.default\">\n\t\t\t\t<div class=\"elementor-widget-container\">\n\t\t\t\t\t\t\t\t\t<div class=\"elementor-image\">\n\t\t\t\t\t\t\t\t\t\t\t\t\t\t\t\t\t\t\t\t\t<img fetchpriority=\"high\" decoding=\"async\" width=\"768\" height=\"1024\" src=\"https:\/\/icreatepoiares.pt\/wp-content\/uploads\/2024\/03\/icreate-blog-centro-de-competencias-para-o-envelhecimento-ativo-foi-inaugurado-em-vila-nova-de-poiares-2-768x1024.jpg\" class=\"attachment-large size-large wp-image-989659\" alt=\"\" srcset=\"https:\/\/icreatepoiares.pt\/wp-content\/uploads\/2024\/03\/icreate-blog-centro-de-competencias-para-o-envelhecimento-ativo-foi-inaugurado-em-vila-nova-de-poiares-2-768x1024.jpg 768w, https:\/\/icreatepoiares.pt\/wp-content\/uploads\/2024\/03\/icreate-blog-centro-de-competencias-para-o-envelhecimento-ativo-foi-inaugurado-em-vila-nova-de-poiares-2-225x300.jpg 225w, https:\/\/icreatepoiares.pt\/wp-content\/uploads\/2024\/03\/icreate-blog-centro-de-competencias-para-o-envelhecimento-ativo-foi-inaugurado-em-vila-nova-de-poiares-2-1152x1536.jpg 1152w, https:\/\/icreatepoiares.pt\/wp-content\/uploads\/2024\/03\/icreate-blog-centro-de-competencias-para-o-envelhecimento-ativo-foi-inaugurado-em-vila-nova-de-poiares-2-840x1120.jpg 840w, https:\/\/icreatepoiares.pt\/wp-content\/uploads\/2024\/03\/icreate-blog-centro-de-competencias-para-o-envelhecimento-ativo-foi-inaugurado-em-vila-nova-de-poiares-2-1260x1680.jpg 1260w, https:\/\/icreatepoiares.pt\/wp-content\/uploads\/2024\/03\/icreate-blog-centro-de-competencias-para-o-envelhecimento-ativo-foi-inaugurado-em-vila-nova-de-poiares-2-420x560.jpg 420w, https:\/\/icreatepoiares.pt\/wp-content\/uploads\/2024\/03\/icreate-blog-centro-de-competencias-para-o-envelhecimento-ativo-foi-inaugurado-em-vila-nova-de-poiares-2-630x840.jpg 630w, https:\/\/icreatepoiares.pt\/wp-content\/uploads\/2024\/03\/icreate-blog-centro-de-competencias-para-o-envelhecimento-ativo-foi-inaugurado-em-vila-nova-de-poiares-2.jpg 1512w\" sizes=\"(max-width: 768px) 100vw, 768px\" \/>\t\t\t\t\t\t\t\t\t\t\t\t\t\t\t\t\t\t\t\t\t\t\t\t<\/div>\n\t\t\t\t\t\t\t\t<\/div>\n\t\t\t\t<\/div>\n\t\t\t\t\t<\/div>\n\t\t<\/div>\n\t\t\t\t\t<\/div>\n\t\t<\/section>\n\t\t\t\t<\/div>\n\t\t","protected":false},"excerpt":{"rendered":"<p>Centro de Compet\u00eancias para o Envelhecimento Ativo, Polo Coimbra, foi inaugurado no dia 21 de mar\u00e7o, em Vila Nova de Poiares. O Centro resulta de um protocolo assinado entre o representante nacional dos Centros de Compet\u00eancias, Nuno Marques, e o Munic\u00edpio de Vila Nova de Poiares, Presidente Jo\u00e3o Miguel Henriques. A inaugura\u00e7\u00e3o do Polo Coimbra&#8230;<\/p>\n","protected":false},"author":1,"featured_media":989658,"comment_status":"closed","ping_status":"closed","sticky":false,"template":"","format":"standard","meta":{"give_campaign_id":0,"footnotes":""},"categories":[19],"tags":[],"class_list":["post-989652","post","type-post","status-publish","format-standard","has-post-thumbnail","hentry","category-eventos"],"_links":{"self":[{"href":"https:\/\/icreatepoiares.pt\/index.php\/wp-json\/wp\/v2\/posts\/989652","targetHints":{"allow":["GET"]}}],"collection":[{"href":"https:\/\/icreatepoiares.pt\/index.php\/wp-json\/wp\/v2\/posts"}],"about":[{"href":"https:\/\/icreatepoiares.pt\/index.php\/wp-json\/wp\/v2\/types\/post"}],"author":[{"embeddable":true,"href":"https:\/\/icreatepoiares.pt\/index.php\/wp-json\/wp\/v2\/users\/1"}],"replies":[{"embeddable":true,"href":"https:\/\/icreatepoiares.pt\/index.php\/wp-json\/wp\/v2\/comments?post=989652"}],"version-history":[{"count":10,"href":"https:\/\/icreatepoiares.pt\/index.php\/wp-json\/wp\/v2\/posts\/989652\/revisions"}],"predecessor-version":[{"id":989676,"href":"https:\/\/icreatepoiares.pt\/index.php\/wp-json\/wp\/v2\/posts\/989652\/revisions\/989676"}],"wp:featuredmedia":[{"embeddable":true,"href":"https:\/\/icreatepoiares.pt\/index.php\/wp-json\/wp\/v2\/media\/989658"}],"wp:attachment":[{"href":"https:\/\/icreatepoiares.pt\/index.php\/wp-json\/wp\/v2\/media?parent=989652"}],"wp:term":[{"taxonomy":"category","embeddable":true,"href":"https:\/\/icreatepoiares.pt\/index.php\/wp-json\/wp\/v2\/categories?post=989652"},{"taxonomy":"post_tag","embeddable":true,"href":"https:\/\/icreatepoiares.pt\/index.php\/wp-json\/wp\/v2\/tags?post=989652"}],"curies":[{"name":"wp","href":"https:\/\/api.w.org\/{rel}","templated":true}]}}